{"id":5243,"date":"2026-08-27T07:14:39","date_gmt":"2026-08-27T07:14:39","guid":{"rendered":"https:\/\/fisioterapiaigualada.es\/fascitis-plantar-como-eliminar-el-dolor-en-el-talon-y-volver-a-andar-sin-miedo\/"},"modified":"2026-08-27T07:14:39","modified_gmt":"2026-08-27T07:14:39","slug":"fascitis-plantar-como-eliminar-el-dolor-en-el-talon-y-volver-a-andar-sin-miedo","status":"publish","type":"post","link":"https:\/\/fisioterapiaigualada.es\/es\/fascitis-plantar-como-eliminar-el-dolor-en-el-talon-y-volver-a-andar-sin-miedo\/","title":{"rendered":"Fascitis Plantar: c\u00f3mo eliminar el dolor en el tal\u00f3n y volver a andar sin miedo"},"content":{"rendered":"\t\t<div data-elementor-type=\"wp-post\" data-elementor-id=\"5243\" class=\"elementor elementor-5243 elementor-5111\" data-elementor-post-type=\"post\">\n\t\t\t\t\t\t<section class=\"elementor-section elementor-top-section elementor-element elementor-element-37d3a9cb elementor-section-boxed elementor-section-height-default elementor-section-height-default\" data-id=\"37d3a9cb\" data-element_type=\"section\" data-e-type=\"section\">\n\t\t\t\t\t\t<div class=\"elementor-container elementor-column-gap-default\">\n\t\t\t\t\t<div class=\"elementor-column elementor-col-100 elementor-top-column elementor-element elementor-element-41f9cb57\" data-id=\"41f9cb57\" data-element_type=\"column\" data-e-type=\"column\">\n\t\t\t<div class=\"elementor-widget-wrap elementor-element-populated\">\n\t\t\t\t\t\t<div class=\"elementor-element elementor-element-7fca1ce1 elementor-widget elementor-widget-text-editor\" data-id=\"7fca1ce1\" data-element_type=\"widget\" data-e-type=\"widget\" data-widget_type=\"text-editor.default\">\n\t\t\t\t<div class=\"elementor-widget-container\">\n\t\t\t\t\t\t\t\t\t<p>Si est\u00e1s leyendo esto, probablemente tu primer paso de la ma\u00f1ana al salir de la cama ya no es lo mismo de siempre. Aquel dolor agudo en el tal\u00f3n, como si pisaras una piedra afilada, tiene nombre: <b>fascitis plantar<\/b>. Y si todav\u00eda no sabes mucho, \u00a1te lo contamos!<\/p><p>La fascitis plantar es una de las lesiones del pie m\u00e1s frecuentes, tanto en deportistas como en personas que pasan muchas horas de pie o que han cambiado de calzado de golpe. Aparece con frecuencia sin avisar y, si no se trata bien, se hace cr\u00f3nica y muy dif\u00edcil de gestionar. \u00bfLa buena noticia?<b> Con un tratamiento de fisioterapia bien guiado, tu pie puede recuperarse por completo<\/b>. Desde Inspira Fisioterapia Igualada te acompa\u00f1amos paso a paso. Empecemos!<\/p><p><br style=\"font-weight: 400;\"><br><\/p><p style=\"font-size: 26px;\"><strong>\u00bfQu\u00e9 es la Fascitis Plantar y por qu\u00e9 duele tanto?<\/strong><\/p><p><span style=\"font-weight: 400;\">La fascia plantar es una banda de tejido conjuntivo que va desde el tal\u00f3n hasta la base de los dedos. Su funci\u00f3n es absorber el impacto de cada paso y dar estabilidad al arco del pie. Cuando esta estructura se sobrecarga -por exceso de actividad, por calzado inadecuado, por sobrepeso o simplemente por posturas que se repiten d\u00eda tras d\u00eda- se inflama y aparece el dolor.  <\/span><\/p><p>El <b>s\u00edntoma m\u00e1s caracter\u00edstico<\/b> es el dolor matinal: esos primeros pasos al levantarse de la cama que parecen una tortura. A medida que el pie se calienta, el dolor mejora&#8230; pero vuelve cuando te quedas de pie muy rato o al terminar el ejercicio.<\/p><p><b>\u00bfPor qu\u00e9 ocurre?<\/b> Muchas de las personas que atendemos en nuestra cl\u00ednica de fisioterapia en Igualada trabajan en entornos que exigen muchas horas de pie: industria, comercio, hosteler\u00eda, log\u00edstica. A esto se le suman los caminos y suelos irregulares de la zona, y el resultado es que la fascitis plantar es mucho m\u00e1s frecuente de lo que parece.<\/p><p> <\/p><p> <\/p><h2><strong>Fase 1: El primer paso cuando el tal\u00f3n te llama \u00abpara\u00bb<\/strong><\/h2><p><span style=\"font-weight: 400;\">Cuando aparece el dolor, el cuerpo te est\u00e1 enviando una se\u00f1al clara: algo necesita atenci\u00f3n. Ignorarlo es el primer error que cometemos. Muchas personas aguantan semanas pensando que \u00abya se ir\u00e1 solo\u00bb, y es ah\u00ed donde la lesi\u00f3n se cronifica.  <\/span><\/p><p><b>Qu\u00e9 puedes hacer desde el primer momento:<\/b><\/p><ul><li style=\"font-weight: 400;\" aria-level=\"1\"><b>Reduce la carga:<\/b> no significa no moverte, sino ajustar la actividad para no irritar m\u00e1s al tejido.<\/li><li style=\"font-weight: 400;\" aria-level=\"1\"><b>Aplica fr\u00edo local<\/b> si existe inflamaci\u00f3n aguda, especialmente despu\u00e9s de una actividad que haya disparado el dolor.<\/li><li style=\"font-weight: 400;\" aria-level=\"1\"><b>Revisa el calzado<\/b>: un zapato sin soporte adecuado es el principal acelerador de la fascitis plantar.<\/li><li style=\"font-weight: 400;\" aria-level=\"1\"><b>No estires de forma agresiva el pie:<\/b> en la fase aguda, los estiramientos forzados pueden empeorar la irritaci\u00f3n.<\/li><\/ul><p> <\/p><p><span style=\"font-weight: 400;\">Esta primera fase es crucial. Una buena gesti\u00f3n inicial marca la diferencia entre una recuperaci\u00f3n de 4 a 6 semanas y una de 6 meses. <\/span><\/p><p> <\/p><p> <\/p><h2><strong style=\"font-family: -apple-system, BlinkMacSystemFont, 'Segoe UI', Roboto, 'Helvetica Neue', Arial, 'Noto Sans', sans-serif, 'Apple Color Emoji', 'Segoe UI Emoji', 'Segoe UI Symbol', 'Noto Color Emoji';\">Fase 2: El tratamiento de fisioterapia para la fascitis plantar<br><\/strong><\/h2><p>Cuando somos conscientes del problema, es el momento de ponerse manos a la obra con profesionales. En <b>Inspira Fisioterapia<\/b> trabajamos con un protocolo personalizado para cada paciente, porque no todas las fascitis plantares son iguales.<\/p><p> <\/p><p><b>C\u00f3mo te ayudamos durante esta fase:<\/b><\/p><ol><li style=\"font-weight: 400;\" aria-level=\"1\"><b>Valoraci\u00f3n inicial completa<\/b>: Analizamos tu marcha, postura, musculatura del pie y tobillo, identificando los factores que han generado la lesi\u00f3n. Tratar el dolor sin tratar la causa es perder el tiempo.<\/li><li style=\"font-weight: 400;\" aria-level=\"1\"><b>Terapia manual:<\/b> Trabajamos directamente sobre la fascia y la musculatura relacionada (s\u00f3leo, gemelos, m\u00fasculos intr\u00ednsecos del pie) para liberar la tensi\u00f3n acumulada y mejorar la circulaci\u00f3n local.<\/li><li style=\"font-weight: 400;\" aria-level=\"1\"><b>Punci\u00f3n seca o electroterapia:<\/b> En casos donde existe un n\u00facleo de tensi\u00f3n intenso o puntos gatillo activos, aplicamos t\u00e9cnicas espec\u00edficas para desactivarlos de forma r\u00e1pida y eficaz.<\/li><li style=\"font-weight: 400;\" aria-level=\"1\"><b>Trabajo activo guiado:<\/b> Te ense\u00f1amos los ejercicios correctos -ni demasiado early ni demasiado tarde- para fortalecer la musculatura del pie y reducir la carga sobre la fascia.<\/li><li style=\"font-weight: 400;\" aria-level=\"1\"><b>Educaci\u00f3n postural y de h\u00e1bitos:<\/b> Te explicamos c\u00f3mo andar, c\u00f3mo elegir calzado y qu\u00e9 actividades evitar o modificar mientras dura la recuperaci\u00f3n.<\/li><li style=\"font-weight: 400;\" aria-level=\"1\"><b>Acompa\u00f1amiento continuo:<\/b> No te demos una hoja de ejercicios y te decimos \u00abadi\u00f3s\u00bb. Hacemos el seguimiento de cada fase para ajustar el tratamiento a c\u00f3mo responde tu pie.<\/li><\/ol><p> <\/p><p> <\/p><h2><strong>Fase 3: Recuperamos la fuerza y \u200b\u200bla confianza en el pie<\/strong><\/h2><p><span style=\"font-weight: 400;\">Una vez el dolor agudo ha cedido, el trabajo no termina. \u00c9sta es la fase que muchos pacientes saltan \u2014y es exactamente por eso que muchas fascitis plantares recaen. <\/span><\/p><p>La fascia plantar se ha recuperado, s\u00ed, pero el pie necesita aprender de nuevo a repartir bien la carga en cada paso. Si no trabajamos la <b>propiocepci\u00f3n, la fuerza intr\u00ednseca y la biomec\u00e1nica de la marcha<\/b>, volver\u00e1s al mismo punto en unos meses.<\/p><p><b>En esta fase nos centramos en:<\/b><\/p><ul><li style=\"font-weight: 400;\" aria-level=\"1\"><b>Fortalecimiento progresivo del pie:<\/b> Ejercicios espec\u00edficos para los m\u00fasculos intr\u00ednsecos, los que hacen que el arco del pie funcione como amortiguador real.<\/li><li style=\"font-weight: 400;\" aria-level=\"1\"><b>Trabajo exc\u00e9ntrico del tend\u00f3n de Aquiles y triceps sural:<\/b> La relaci\u00f3n entre el tobillo y la fascia plantar es directa. Si no trabajamos el complejo posterior, la recuperaci\u00f3n es incompleta.<\/li><li style=\"font-weight: 400;\" aria-level=\"1\"><b>Reincorporaci\u00f3n a la actividad:<\/b> Tanto si corres, haces deporte o simplemente pasas largas jornadas de pie, dise\u00f1amos un plan de regreso progresivo y seguro.<\/li><li style=\"font-weight: 400;\" aria-level=\"1\"><b>Valoraci\u00f3n del calzado y plantillas:<\/b> En algunos casos, una plantilla personalizada puede ser un soporte temporal muy \u00fatil. Te orientamos sin venderte nada que no necesites.<\/li><\/ul><p> <\/p><p> <\/p><h2><strong>Fase 4: El objetivo final, andar (y correr) sin pensar en el pie<\/strong><\/h2><p><span style=\"font-weight: 400;\">Cuando llegues aqu\u00ed, la fascitis plantar deja de ser el protagonista de tu d\u00eda. Cada paso es natural, sin miedo, sin anticipar el dolor. <\/span><\/p><p><span style=\"font-weight: 400;\">Es el momento de consolidar todo lo aprendido e incorporar h\u00e1bitos que prevengan futuras reca\u00eddas: calzado adecuado, calentamiento y estiramientos bien hechos, y una musculatura del pie que trabaja por ti sin que te des cuenta.<\/span><\/p><p><span style=\"font-weight: 400;\">Muchos de los pacientes que han pasado por Inspira Fisioterapia en Igualada no s\u00f3lo han eliminado el dolor, sino que corren, hacen senderismo por Anoia o trabajan sus largas jornadas laborales con una comodidad que hac\u00eda tiempo que no sent\u00edan.<\/span><\/p><p> <\/p><p><strong style=\"font-family: -apple-system, BlinkMacSystemFont, 'Segoe UI', Roboto, 'Helvetica Neue', Arial, 'Noto Sans', sans-serif, 'Apple Color Emoji', 'Segoe UI Emoji', 'Segoe UI Symbol', 'Noto Color Emoji';\"> <\/strong><\/p><h2><strong>Y t\u00fa, \u00bfsabes cu\u00e1l es el mejor tratamiento para tu Fascitis Plantar?<\/strong><\/h2><p>La fascitis plantar no es un problema que se resuelva solo ni con absoluto reposo. Necesita un enfoque activo, profesional y personalizado. Tanto si te encuentras en el primer d\u00eda de dolor como si llevas meses conviviendo con \u00e9l, en <b>Inspira Fisioterapia Igualada<\/b> estamos aqu\u00ed para acompa\u00f1arte.<\/p><p> <\/p><p>Si quieres saber m\u00e1s, puedes seguirnos en Instagram o contactarnos directamente al<b> +34 676 185 232<\/b> o en <b>info@inspirafisioterapia.es<\/b>. \u00a1Recupera tu primer paso!<\/p>\t\t\t\t\t\t\t\t<\/div>\n\t\t\t\t<\/div>\n\t\t\t\t\t<\/div>\n\t\t<\/div>\n\t\t\t\t\t<\/div>\n\t\t<\/section>\n\t\t\t\t<\/div>\n\t\t","protected":false},"excerpt":{"rendered":"<p>Si est\u00e1s leyendo esto, probablemente tu primer paso de la ma\u00f1ana al salir de la cama ya no es lo mismo de siempre. Aquel dolor agudo en el tal\u00f3n, como si pisaras una piedra afilada, tiene nombre: fascitis plantar. <\/p>\n","protected":false},"author":7,"featured_media":5113,"comment_status":"open","ping_status":"open","sticky":false,"template":"","format":"standard","meta":{"_acf_changed":false,"_joinchat":[],"footnotes":""},"categories":[1],"tags":[],"class_list":["post-5243","post","type-post","status-publish","format-standard","has-post-thumbnail","hentry","category-sin-categorizar"],"acf":[],"yoast_head":"<!-- This site is optimized with the Yoast SEO plugin v28.1 - https:\/\/yoast.com\/product\/yoast-seo-wordpress\/ -->\n<title>Fascitis Plantar: eliminar el dolor en el tal\u00f3n ya caminar sin miedo<\/title>\n<meta name=\"description\" content=\"Si est\u00e1s leyendo esto, tu primer paso de la ma\u00f1ana ya no es lo mismo, como si pisaras una piedra afilada, eso tiene nombre: fascitis plantar.\" \/>\n<meta name=\"robots\" content=\"index, follow, max-snippet:-1, max-image-preview:large, max-video-preview:-1\" \/>\n<link rel=\"canonical\" href=\"https:\/\/fisioterapiaigualada.es\/es\/fascitis-plantar-como-eliminar-el-dolor-en-el-talon-y-volver-a-andar-sin-miedo\/\" \/>\n<meta property=\"og:locale\" content=\"es_ES\" \/>\n<meta property=\"og:type\" content=\"article\" \/>\n<meta property=\"og:title\" content=\"Fascitis Plantar: eliminar el dolor en el tal\u00f3n ya caminar sin miedo\" \/>\n<meta property=\"og:description\" content=\"Si est\u00e1s leyendo esto, tu primer paso de la ma\u00f1ana ya no es lo mismo, como si pisaras una piedra afilada, eso tiene nombre: fascitis plantar.\" \/>\n<meta property=\"og:url\" content=\"https:\/\/fisioterapiaigualada.es\/es\/fascitis-plantar-como-eliminar-el-dolor-en-el-talon-y-volver-a-andar-sin-miedo\/\" \/>\n<meta property=\"og:site_name\" content=\"Inspira - Fisioter\u00e0pia esport\" \/>\n<meta property=\"article:published_time\" content=\"2026-08-27T07:14:39+00:00\" \/>\n<meta property=\"og:image\" content=\"https:\/\/fisioterapiaigualada.es\/wp-content\/uploads\/2026\/07\/fascitis-plantar-fisio-igualada.webp\" \/>\n\t<meta property=\"og:image:width\" content=\"900\" \/>\n\t<meta property=\"og:image:height\" content=\"600\" \/>\n\t<meta property=\"og:image:type\" content=\"image\/webp\" \/>\n<meta name=\"author\" content=\"Hate Creative Studio\" \/>\n<meta name=\"twitter:card\" content=\"summary_large_image\" \/>\n<meta name=\"twitter:label1\" content=\"Escrito por\" \/>\n\t<meta name=\"twitter:data1\" content=\"Hate Creative Studio\" \/>\n\t<meta name=\"twitter:label2\" content=\"Tiempo de lectura\" \/>\n\t<meta name=\"twitter:data2\" content=\"6 minutos\" \/>\n<script type=\"application\/ld+json\" class=\"yoast-schema-graph\">{\"@context\":\"https:\\\/\\\/schema.org\",\"@graph\":[{\"@type\":\"Article\",\"@id\":\"https:\\\/\\\/fisioterapiaigualada.es\\\/es\\\/fascitis-plantar-como-eliminar-el-dolor-en-el-talon-y-volver-a-andar-sin-miedo\\\/#article\",\"isPartOf\":{\"@id\":\"https:\\\/\\\/fisioterapiaigualada.es\\\/es\\\/fascitis-plantar-como-eliminar-el-dolor-en-el-talon-y-volver-a-andar-sin-miedo\\\/\"},\"author\":{\"name\":\"Hate Creative Studio\",\"@id\":\"https:\\\/\\\/darkseagreen-hawk-363245.hostingersite.com\\\/#\\\/schema\\\/person\\\/e4d862111b148ab99e7a6990c7c55ca3\"},\"headline\":\"Fascitis Plantar: c\u00f3mo eliminar el dolor en el tal\u00f3n y volver a andar sin miedo\",\"datePublished\":\"2026-08-27T07:14:39+00:00\",\"mainEntityOfPage\":{\"@id\":\"https:\\\/\\\/fisioterapiaigualada.es\\\/es\\\/fascitis-plantar-como-eliminar-el-dolor-en-el-talon-y-volver-a-andar-sin-miedo\\\/\"},\"wordCount\":1138,\"commentCount\":0,\"image\":{\"@id\":\"https:\\\/\\\/fisioterapiaigualada.es\\\/es\\\/fascitis-plantar-como-eliminar-el-dolor-en-el-talon-y-volver-a-andar-sin-miedo\\\/#primaryimage\"},\"thumbnailUrl\":\"https:\\\/\\\/fisioterapiaigualada.es\\\/wp-content\\\/uploads\\\/2026\\\/07\\\/fascitis-plantar-fisio-igualada.webp\",\"articleSection\":[\"Sin categorizar\"],\"inLanguage\":\"es\",\"potentialAction\":[{\"@type\":\"CommentAction\",\"name\":\"Comment\",\"target\":[\"https:\\\/\\\/fisioterapiaigualada.es\\\/es\\\/fascitis-plantar-como-eliminar-el-dolor-en-el-talon-y-volver-a-andar-sin-miedo\\\/#respond\"]}]},{\"@type\":\"WebPage\",\"@id\":\"https:\\\/\\\/fisioterapiaigualada.es\\\/es\\\/fascitis-plantar-como-eliminar-el-dolor-en-el-talon-y-volver-a-andar-sin-miedo\\\/\",\"url\":\"https:\\\/\\\/fisioterapiaigualada.es\\\/es\\\/fascitis-plantar-como-eliminar-el-dolor-en-el-talon-y-volver-a-andar-sin-miedo\\\/\",\"name\":\"Fascitis Plantar: eliminar el dolor en el tal\u00f3n ya caminar sin miedo\",\"isPartOf\":{\"@id\":\"https:\\\/\\\/darkseagreen-hawk-363245.hostingersite.com\\\/#website\"},\"primaryImageOfPage\":{\"@id\":\"https:\\\/\\\/fisioterapiaigualada.es\\\/es\\\/fascitis-plantar-como-eliminar-el-dolor-en-el-talon-y-volver-a-andar-sin-miedo\\\/#primaryimage\"},\"image\":{\"@id\":\"https:\\\/\\\/fisioterapiaigualada.es\\\/es\\\/fascitis-plantar-como-eliminar-el-dolor-en-el-talon-y-volver-a-andar-sin-miedo\\\/#primaryimage\"},\"thumbnailUrl\":\"https:\\\/\\\/fisioterapiaigualada.es\\\/wp-content\\\/uploads\\\/2026\\\/07\\\/fascitis-plantar-fisio-igualada.webp\",\"datePublished\":\"2026-08-27T07:14:39+00:00\",\"author\":{\"@id\":\"https:\\\/\\\/darkseagreen-hawk-363245.hostingersite.com\\\/#\\\/schema\\\/person\\\/e4d862111b148ab99e7a6990c7c55ca3\"},\"description\":\"Si est\u00e1s leyendo esto, tu primer paso de la ma\u00f1ana ya no es lo mismo, como si pisaras una piedra afilada, eso tiene nombre: fascitis plantar.\",\"breadcrumb\":{\"@id\":\"https:\\\/\\\/fisioterapiaigualada.es\\\/es\\\/fascitis-plantar-como-eliminar-el-dolor-en-el-talon-y-volver-a-andar-sin-miedo\\\/#breadcrumb\"},\"inLanguage\":\"es\",\"potentialAction\":[{\"@type\":\"ReadAction\",\"target\":[\"https:\\\/\\\/fisioterapiaigualada.es\\\/es\\\/fascitis-plantar-como-eliminar-el-dolor-en-el-talon-y-volver-a-andar-sin-miedo\\\/\"]}]},{\"@type\":\"ImageObject\",\"inLanguage\":\"es\",\"@id\":\"https:\\\/\\\/fisioterapiaigualada.es\\\/es\\\/fascitis-plantar-como-eliminar-el-dolor-en-el-talon-y-volver-a-andar-sin-miedo\\\/#primaryimage\",\"url\":\"https:\\\/\\\/fisioterapiaigualada.es\\\/wp-content\\\/uploads\\\/2026\\\/07\\\/fascitis-plantar-fisio-igualada.webp\",\"contentUrl\":\"https:\\\/\\\/fisioterapiaigualada.es\\\/wp-content\\\/uploads\\\/2026\\\/07\\\/fascitis-plantar-fisio-igualada.webp\",\"width\":900,\"height\":600},{\"@type\":\"BreadcrumbList\",\"@id\":\"https:\\\/\\\/fisioterapiaigualada.es\\\/es\\\/fascitis-plantar-como-eliminar-el-dolor-en-el-talon-y-volver-a-andar-sin-miedo\\\/#breadcrumb\",\"itemListElement\":[{\"@type\":\"ListItem\",\"position\":1,\"name\":\"Portada\",\"item\":\"https:\\\/\\\/fisioterapiaigualada.es\\\/es\\\/\"},{\"@type\":\"ListItem\",\"position\":2,\"name\":\"Fascitis Plantar: c\u00f3mo eliminar el dolor en el tal\u00f3n y volver a andar sin miedo\"}]},{\"@type\":\"WebSite\",\"@id\":\"https:\\\/\\\/darkseagreen-hawk-363245.hostingersite.com\\\/#website\",\"url\":\"https:\\\/\\\/darkseagreen-hawk-363245.hostingersite.com\\\/\",\"name\":\"Inspira - Fisioter\u00e0pia esport\",\"description\":\"\",\"potentialAction\":[{\"@type\":\"SearchAction\",\"target\":{\"@type\":\"EntryPoint\",\"urlTemplate\":\"https:\\\/\\\/darkseagreen-hawk-363245.hostingersite.com\\\/?s={search_term_string}\"},\"query-input\":{\"@type\":\"PropertyValueSpecification\",\"valueRequired\":true,\"valueName\":\"search_term_string\"}}],\"inLanguage\":\"es\"},{\"@type\":\"Person\",\"@id\":\"https:\\\/\\\/darkseagreen-hawk-363245.hostingersite.com\\\/#\\\/schema\\\/person\\\/e4d862111b148ab99e7a6990c7c55ca3\",\"name\":\"Hate Creative Studio\",\"image\":{\"@type\":\"ImageObject\",\"inLanguage\":\"es\",\"@id\":\"https:\\\/\\\/fisioterapiaigualada.es\\\/wp-content\\\/litespeed\\\/avatar\\\/6abd9dfbe03b797e4c5e2ab6c09d8b28.jpg?ver=1788307587\",\"url\":\"https:\\\/\\\/fisioterapiaigualada.es\\\/wp-content\\\/litespeed\\\/avatar\\\/6abd9dfbe03b797e4c5e2ab6c09d8b28.jpg?ver=1788307587\",\"contentUrl\":\"https:\\\/\\\/fisioterapiaigualada.es\\\/wp-content\\\/litespeed\\\/avatar\\\/6abd9dfbe03b797e4c5e2ab6c09d8b28.jpg?ver=1788307587\",\"caption\":\"Hate Creative Studio\"},\"url\":\"https:\\\/\\\/fisioterapiaigualada.es\\\/es\\\/author\\\/hate\\\/\"}]}<\/script>\n<!-- \/ Yoast SEO plugin. -->","yoast_head_json":{"title":"Fascitis Plantar: eliminar el dolor en el tal\u00f3n ya caminar sin miedo","description":"Si est\u00e1s leyendo esto, tu primer paso de la ma\u00f1ana ya no es lo mismo, como si pisaras una piedra afilada, eso tiene nombre: fascitis plantar.","robots":{"index":"index","follow":"follow","max-snippet":"max-snippet:-1","max-image-preview":"max-image-preview:large","max-video-preview":"max-video-preview:-1"},"canonical":"https:\/\/fisioterapiaigualada.es\/es\/fascitis-plantar-como-eliminar-el-dolor-en-el-talon-y-volver-a-andar-sin-miedo\/","og_locale":"es_ES","og_type":"article","og_title":"Fascitis Plantar: eliminar el dolor en el tal\u00f3n ya caminar sin miedo","og_description":"Si est\u00e1s leyendo esto, tu primer paso de la ma\u00f1ana ya no es lo mismo, como si pisaras una piedra afilada, eso tiene nombre: fascitis plantar.","og_url":"https:\/\/fisioterapiaigualada.es\/es\/fascitis-plantar-como-eliminar-el-dolor-en-el-talon-y-volver-a-andar-sin-miedo\/","og_site_name":"Inspira - Fisioter\u00e0pia esport","article_published_time":"2026-08-27T07:14:39+00:00","og_image":[{"width":900,"height":600,"url":"https:\/\/fisioterapiaigualada.es\/wp-content\/uploads\/2026\/07\/fascitis-plantar-fisio-igualada.webp","type":"image\/webp"}],"author":"Hate Creative Studio","twitter_card":"summary_large_image","twitter_misc":{"Escrito por":"Hate Creative Studio","Tiempo de lectura":"6 minutos"},"schema":{"@context":"https:\/\/schema.org","@graph":[{"@type":"Article","@id":"https:\/\/fisioterapiaigualada.es\/es\/fascitis-plantar-como-eliminar-el-dolor-en-el-talon-y-volver-a-andar-sin-miedo\/#article","isPartOf":{"@id":"https:\/\/fisioterapiaigualada.es\/es\/fascitis-plantar-como-eliminar-el-dolor-en-el-talon-y-volver-a-andar-sin-miedo\/"},"author":{"name":"Hate Creative Studio","@id":"https:\/\/darkseagreen-hawk-363245.hostingersite.com\/#\/schema\/person\/e4d862111b148ab99e7a6990c7c55ca3"},"headline":"Fascitis Plantar: c\u00f3mo eliminar el dolor en el tal\u00f3n y volver a andar sin miedo","datePublished":"2026-08-27T07:14:39+00:00","mainEntityOfPage":{"@id":"https:\/\/fisioterapiaigualada.es\/es\/fascitis-plantar-como-eliminar-el-dolor-en-el-talon-y-volver-a-andar-sin-miedo\/"},"wordCount":1138,"commentCount":0,"image":{"@id":"https:\/\/fisioterapiaigualada.es\/es\/fascitis-plantar-como-eliminar-el-dolor-en-el-talon-y-volver-a-andar-sin-miedo\/#primaryimage"},"thumbnailUrl":"https:\/\/fisioterapiaigualada.es\/wp-content\/uploads\/2026\/07\/fascitis-plantar-fisio-igualada.webp","articleSection":["Sin categorizar"],"inLanguage":"es","potentialAction":[{"@type":"CommentAction","name":"Comment","target":["https:\/\/fisioterapiaigualada.es\/es\/fascitis-plantar-como-eliminar-el-dolor-en-el-talon-y-volver-a-andar-sin-miedo\/#respond"]}]},{"@type":"WebPage","@id":"https:\/\/fisioterapiaigualada.es\/es\/fascitis-plantar-como-eliminar-el-dolor-en-el-talon-y-volver-a-andar-sin-miedo\/","url":"https:\/\/fisioterapiaigualada.es\/es\/fascitis-plantar-como-eliminar-el-dolor-en-el-talon-y-volver-a-andar-sin-miedo\/","name":"Fascitis Plantar: eliminar el dolor en el tal\u00f3n ya caminar sin miedo","isPartOf":{"@id":"https:\/\/darkseagreen-hawk-363245.hostingersite.com\/#website"},"primaryImageOfPage":{"@id":"https:\/\/fisioterapiaigualada.es\/es\/fascitis-plantar-como-eliminar-el-dolor-en-el-talon-y-volver-a-andar-sin-miedo\/#primaryimage"},"image":{"@id":"https:\/\/fisioterapiaigualada.es\/es\/fascitis-plantar-como-eliminar-el-dolor-en-el-talon-y-volver-a-andar-sin-miedo\/#primaryimage"},"thumbnailUrl":"https:\/\/fisioterapiaigualada.es\/wp-content\/uploads\/2026\/07\/fascitis-plantar-fisio-igualada.webp","datePublished":"2026-08-27T07:14:39+00:00","author":{"@id":"https:\/\/darkseagreen-hawk-363245.hostingersite.com\/#\/schema\/person\/e4d862111b148ab99e7a6990c7c55ca3"},"description":"Si est\u00e1s leyendo esto, tu primer paso de la ma\u00f1ana ya no es lo mismo, como si pisaras una piedra afilada, eso tiene nombre: fascitis plantar.","breadcrumb":{"@id":"https:\/\/fisioterapiaigualada.es\/es\/fascitis-plantar-como-eliminar-el-dolor-en-el-talon-y-volver-a-andar-sin-miedo\/#breadcrumb"},"inLanguage":"es","potentialAction":[{"@type":"ReadAction","target":["https:\/\/fisioterapiaigualada.es\/es\/fascitis-plantar-como-eliminar-el-dolor-en-el-talon-y-volver-a-andar-sin-miedo\/"]}]},{"@type":"ImageObject","inLanguage":"es","@id":"https:\/\/fisioterapiaigualada.es\/es\/fascitis-plantar-como-eliminar-el-dolor-en-el-talon-y-volver-a-andar-sin-miedo\/#primaryimage","url":"https:\/\/fisioterapiaigualada.es\/wp-content\/uploads\/2026\/07\/fascitis-plantar-fisio-igualada.webp","contentUrl":"https:\/\/fisioterapiaigualada.es\/wp-content\/uploads\/2026\/07\/fascitis-plantar-fisio-igualada.webp","width":900,"height":600},{"@type":"BreadcrumbList","@id":"https:\/\/fisioterapiaigualada.es\/es\/fascitis-plantar-como-eliminar-el-dolor-en-el-talon-y-volver-a-andar-sin-miedo\/#breadcrumb","itemListElement":[{"@type":"ListItem","position":1,"name":"Portada","item":"https:\/\/fisioterapiaigualada.es\/es\/"},{"@type":"ListItem","position":2,"name":"Fascitis Plantar: c\u00f3mo eliminar el dolor en el tal\u00f3n y volver a andar sin miedo"}]},{"@type":"WebSite","@id":"https:\/\/darkseagreen-hawk-363245.hostingersite.com\/#website","url":"https:\/\/darkseagreen-hawk-363245.hostingersite.com\/","name":"Inspira - Fisioter\u00e0pia esport","description":"","potentialAction":[{"@type":"SearchAction","target":{"@type":"EntryPoint","urlTemplate":"https:\/\/darkseagreen-hawk-363245.hostingersite.com\/?s={search_term_string}"},"query-input":{"@type":"PropertyValueSpecification","valueRequired":true,"valueName":"search_term_string"}}],"inLanguage":"es"},{"@type":"Person","@id":"https:\/\/darkseagreen-hawk-363245.hostingersite.com\/#\/schema\/person\/e4d862111b148ab99e7a6990c7c55ca3","name":"Hate Creative Studio","image":{"@type":"ImageObject","inLanguage":"es","@id":"https:\/\/fisioterapiaigualada.es\/wp-content\/litespeed\/avatar\/6abd9dfbe03b797e4c5e2ab6c09d8b28.jpg?ver=1788307587","url":"https:\/\/fisioterapiaigualada.es\/wp-content\/litespeed\/avatar\/6abd9dfbe03b797e4c5e2ab6c09d8b28.jpg?ver=1788307587","contentUrl":"https:\/\/fisioterapiaigualada.es\/wp-content\/litespeed\/avatar\/6abd9dfbe03b797e4c5e2ab6c09d8b28.jpg?ver=1788307587","caption":"Hate Creative Studio"},"url":"https:\/\/fisioterapiaigualada.es\/es\/author\/hate\/"}]}},"_links":{"self":[{"href":"https:\/\/fisioterapiaigualada.es\/es\/wp-json\/wp\/v2\/posts\/5243","targetHints":{"allow":["GET"]}}],"collection":[{"href":"https:\/\/fisioterapiaigualada.es\/es\/wp-json\/wp\/v2\/posts"}],"about":[{"href":"https:\/\/fisioterapiaigualada.es\/es\/wp-json\/wp\/v2\/types\/post"}],"author":[{"embeddable":true,"href":"https:\/\/fisioterapiaigualada.es\/es\/wp-json\/wp\/v2\/users\/7"}],"replies":[{"embeddable":true,"href":"https:\/\/fisioterapiaigualada.es\/es\/wp-json\/wp\/v2\/comments?post=5243"}],"version-history":[{"count":1,"href":"https:\/\/fisioterapiaigualada.es\/es\/wp-json\/wp\/v2\/posts\/5243\/revisions"}],"predecessor-version":[{"id":5244,"href":"https:\/\/fisioterapiaigualada.es\/es\/wp-json\/wp\/v2\/posts\/5243\/revisions\/5244"}],"wp:featuredmedia":[{"embeddable":true,"href":"https:\/\/fisioterapiaigualada.es\/es\/wp-json\/wp\/v2\/media\/5113"}],"wp:attachment":[{"href":"https:\/\/fisioterapiaigualada.es\/es\/wp-json\/wp\/v2\/media?parent=5243"}],"wp:term":[{"taxonomy":"category","embeddable":true,"href":"https:\/\/fisioterapiaigualada.es\/es\/wp-json\/wp\/v2\/categories?post=5243"},{"taxonomy":"post_tag","embeddable":true,"href":"https:\/\/fisioterapiaigualada.es\/es\/wp-json\/wp\/v2\/tags?post=5243"}],"curies":[{"name":"wp","href":"https:\/\/api.w.org\/{rel}","templated":true}]}}